{"id":19049,"date":"2013-04-06T00:00:00","date_gmt":"2013-04-05T21:00:00","guid":{"rendered":"https:\/\/new.bancamea.md\/?p=19049"},"modified":"2026-08-31T21:51:12","modified_gmt":"2026-08-31T18:51:12","slug":"restructurari-la-societe-generale-600-700-de-posturi-vor-fi-desfiinate-in-frana","status":"publish","type":"post","link":"https:\/\/new.bancamea.md\/?p=19049","title":{"rendered":"Restructurari la Societe Generale: 600-700 de posturi vor fi desfiintate \u00een Franta"},"content":{"rendered":"\n<p>Societe Generale intentioneaza sa desfiinteze p\u00e2na la sf\u00e2rsitul anului 2013 &#8222;mai multe sute de posturi&#8221; \u00een Franta, au declarat surse sindicale, citate de Le Monde.<\/p>\n<p>Conducerea bancii franceze s-a \u00eent\u00e2lnit cu organizatiile sindicale la 3 aprilie pentru a evoca diferite proiecte de reorganizare, ale caror modalitati si calendare definitive nu au fost \u00eenca decise, scrie <a href=\"http:\/\/www.capital.ro\/detalii-articole\/stiri\/societe-generale-intentioneaza-sa-desfiinteze-pana-la-700-de-posturi-in-franta-180337.html\" target=\"_blank\"><strong>capital.ro<\/strong><\/a>.<\/p>\n<p><strong>&#8222;Vor fi 600 p\u00e2na la 700 de desfiintari de posturi \u00een serviciile centrale pariziene&#8221;, a spus una din surse, care a explicat ca planul de restructurare trebuie sa fie \u00eensotit de un dispozitiv de plecari voluntare.<\/strong><\/p>\n<p>Societe Generale vrea sa se recentreze pe principalele sale activitati p\u00e2na \u00een 2015 si sa continue reducerea costurilor dupa un an 2012 marcat de cesiuni de active si cheltuieli exceptionale care au c\u00e2ntarit greu \u00een rezultatele sale.<\/p>\n<p>\u00cen toamna anului 2011, compania a anuntat desfiintarea a 880 posturi din banca de investitii. Acest plan este &#8222;finalizat si a dus la 691 de plecari&#8221;, a declarat un reprezentant sindical. Angajatii bancii au facut greva \u00een ianuarie pentru a-si exprima nemultumirea cu privire la problema salariilor, dar si pentru a-si manifesta preocuparea pentru locurile de munca, tem\u00e2ndu-se de reduceri de posturi si \u00eenchideri de filiale.<\/p>\n","protected":false},"excerpt":{"rendered":"<p>Societe Generale intentioneaza sa desfiinteze p\u00e2na la sf\u00e2rsitul anului 2013 &#8222;mai multe sute de posturi&#8221; \u00een Franta, au declarat surse sindicale. Conducerea bancii franceze s-a \u00eent\u00e2lnit cu organizatiile sindicale la 3 aprilie pentru a evoca &#8230;<\/p>\n","protected":false},"author":1,"featured_media":3964,"comment_status":"closed","ping_status":"closed","sticky":false,"template":"","format":"standard","meta":{"footnotes":""},"categories":[14],"tags":[],"class_list":["post-19049","post","type-post","status-publish","format-standard","has-post-thumbnail","hentry","category-interntional"],"_links":{"self":[{"href":"https:\/\/new.bancamea.md\/index.php?rest_route=\/wp\/v2\/posts\/19049","targetHints":{"allow":["GET"]}}],"collection":[{"href":"https:\/\/new.bancamea.md\/index.php?rest_route=\/wp\/v2\/posts"}],"about":[{"href":"https:\/\/new.bancamea.md\/index.php?rest_route=\/wp\/v2\/types\/post"}],"author":[{"embeddable":true,"href":"https:\/\/new.bancamea.md\/index.php?rest_route=\/wp\/v2\/users\/1"}],"replies":[{"embeddable":true,"href":"https:\/\/new.bancamea.md\/index.php?rest_route=%2Fwp%2Fv2%2Fcomments&post=19049"}],"version-history":[{"count":1,"href":"https:\/\/new.bancamea.md\/index.php?rest_route=\/wp\/v2\/posts\/19049\/revisions"}],"predecessor-version":[{"id":28150,"href":"https:\/\/new.bancamea.md\/index.php?rest_route=\/wp\/v2\/posts\/19049\/revisions\/28150"}],"wp:featuredmedia":[{"embeddable":true,"href":"https:\/\/new.bancamea.md\/index.php?rest_route=\/wp\/v2\/media\/3964"}],"wp:attachment":[{"href":"https:\/\/new.bancamea.md\/index.php?rest_route=%2Fwp%2Fv2%2Fmedia&parent=19049"}],"wp:term":[{"taxonomy":"category","embeddable":true,"href":"https:\/\/new.bancamea.md\/index.php?rest_route=%2Fwp%2Fv2%2Fcategories&post=19049"},{"taxonomy":"post_tag","embeddable":true,"href":"https:\/\/new.bancamea.md\/index.php?rest_route=%2Fwp%2Fv2%2Ftags&post=19049"}],"curies":[{"name":"wp","href":"https:\/\/api.w.org\/{rel}","templated":true}]}}