{"id":19416,"date":"2013-09-09T00:00:00","date_gmt":"2013-09-08T21:00:00","guid":{"rendered":"https:\/\/new.bancamea.md\/?p=19416"},"modified":"2026-08-31T21:53:36","modified_gmt":"2026-08-31T18:53:36","slug":"ungaria-continua-lupta-cu-bancile-guvernul-le-obliga-sa-scada-ratele-la-creditele-ipotecare-in-franci-elvetieni","status":"publish","type":"post","link":"https:\/\/new.bancamea.md\/?p=19416","title":{"rendered":"Ungaria continua lupta cu bancile: guvernul le obliga sa scada ratele la creditele ipotecare \u00een franci elvetieni"},"content":{"rendered":"\n<p><strong>Premierul ungar Viktor Orban (foto) a avertizat bancile ca daca p\u00e2na \u00een noiembrie nu-i vor ajuta pe clientii cu credite \u00een valuta, \u00een principal \u00een franci elvetieni, sa plateasca rate mai mici, atunci va \u201eelimina\u201d toate creditele ipotecare \u00een alte valute dec\u00e2t forintul<\/strong>, scrie <a href=\"http:\/\/bancherul.ro\/bancile-din-ungaria,-obligate-de-guvern-sa-scada-ratele-la-creditele-ipotecare-in-franci-elvetieni.-orban-%E2%80%9Ebancile-au-gresit-lasandu_si-clientii-sa-suporte-integral-povara-deprecierii-forintului%E2%80%9D--11743\" target=\"_blank\"><strong>bancherul.ro<\/strong><\/a>.<\/p>\n<p>Valoarea creditelor ipotecare \u00een valuta se ridica la peste 11 miliarde de euro, marea majoritate fiind \u00een franci elvetieni, iar detinatorii acestora au acum mari probleme \u00een rambursarea lor, \u00eentruc\u00e2t \u00een urma aprecierii francului dupa criza, ratele lunare au crescut foarte mult, ajung\u00e2nd chiar sa se dubleze.<\/p>\n<p>Orban a cerut bancilor sa modifice contractele de credit \u00een vederea reducerii ratelor lunare, astfel \u00eenc\u00e2t bancile sa suporte cea mai mare parte din pierderile clientilor rezultate din aprecierea francului \u00een raport cu forintul.<\/p>\n<p>El a precizat, la postul public de radio, ca bancile au gresit las\u00e2ndu-si clientii sa suporte integral povara deprecierii forintului. Premierul nu a specificat ce are de g\u00e2nd sa faca daca bancile nu se vor conforma, \u00eensa se crede ca solutia va fi sa transforme creditele din franci \u00een forinti. Orban a spus ca solutia pentru clientii cu credite \u00een valuta ar trebui sa fie una corecta, astfel \u00eenc\u00e2t acestia sa nu fie avantajati fata de cei cu credite \u00een forinti.<\/p>\n<p><strong>Banca centrala a Ungariei are propria oferta pentru banci<\/strong><\/p>\n<p>\u00cen timp ce guvernul continua sa negocieze cu bancile solutia ideala, banca centrala a Ungariei, condusa de Gyorgy Matolcsy, un apropiat al lui Orban, fost ministru al economiei si arhitectul politicilor economice neortodoxe ale guvernului ungar, a propus bancilor propria solutie pentru aceasta problema. Aceasta prevede transformarea graduala a creditelor din franci \u00een forinti, prin reducerea valorii ratelor si extinderea unei scheme mai vechi care permite clientilor sa ramburseze integral \u00eemprumuturile la un curs avantajos, mult mai mic dec\u00e2t cel din prezent.<\/p>\n<p>\u00cen aceste conditii, guvernul si bancile ar putea ajunge la o solutie apropiata de cea propusa de banca centrala, astfel \u00eenc\u00e2t conversia creditelor sa se faca gradual si nu dintr-o data.<\/p>\n<p>Aceasta masura luata de Orban \u00eempotriva bancilor face parte dint-o campanie mai ampla, cu tenta nationalista, \u00een contextul \u00een care guvernul maghiar a refuzat sa continue acordul cu FMI, platind anticipat \u00eemprumutul obtinut dupa izbucnirea crizei din 2008.<\/p>\n<p>Orban a declarat ca vrea ca statul ungar sa detina peste 50% din sectorul bancar din aceasta tara, dominat \u00een prezent de bancile straine, iar \u00een acest an a luat deja prima masura \u00een acest sens, prin preluarea controlului bancilor de economii.<\/p>\n<p>Bancile au suferit deja pierderi de 1 miliard de euro \u00een urma aplicarii unei alte scheme din 2011 de ajutorare a celor cu credite ipotecare \u00een franci, care au putut sa-si ramburseze anticipat \u00eemprumuturile, la un curs mult mai mic dec\u00e2t cel din prezent. De asemenea, Ungaria impune o taxa bancara a carei valoare este cea mai ridicata din Europa, \u00een prezent.<\/p>\n","protected":false},"excerpt":{"rendered":"<p>Premierul ungar Viktor Orban a avertizat bancile ca daca p\u00e2na \u00een noiembrie nu-i vor ajuta pe clientii cu credite \u00een valuta, \u00een principal \u00een franci elvetieni, sa plateasca rate mai mici, atunci va \u201eelimina\u201d toate &#8230;<\/p>\n","protected":false},"author":1,"featured_media":4593,"comment_status":"closed","ping_status":"closed","sticky":false,"template":"","format":"standard","meta":{"footnotes":""},"categories":[14],"tags":[],"class_list":["post-19416","post","type-post","status-publish","format-standard","has-post-thumbnail","hentry","category-interntional"],"_links":{"self":[{"href":"https:\/\/new.bancamea.md\/index.php?rest_route=\/wp\/v2\/posts\/19416","targetHints":{"allow":["GET"]}}],"collection":[{"href":"https:\/\/new.bancamea.md\/index.php?rest_route=\/wp\/v2\/posts"}],"about":[{"href":"https:\/\/new.bancamea.md\/index.php?rest_route=\/wp\/v2\/types\/post"}],"author":[{"embeddable":true,"href":"https:\/\/new.bancamea.md\/index.php?rest_route=\/wp\/v2\/users\/1"}],"replies":[{"embeddable":true,"href":"https:\/\/new.bancamea.md\/index.php?rest_route=%2Fwp%2Fv2%2Fcomments&post=19416"}],"version-history":[{"count":1,"href":"https:\/\/new.bancamea.md\/index.php?rest_route=\/wp\/v2\/posts\/19416\/revisions"}],"predecessor-version":[{"id":28410,"href":"https:\/\/new.bancamea.md\/index.php?rest_route=\/wp\/v2\/posts\/19416\/revisions\/28410"}],"wp:featuredmedia":[{"embeddable":true,"href":"https:\/\/new.bancamea.md\/index.php?rest_route=\/wp\/v2\/media\/4593"}],"wp:attachment":[{"href":"https:\/\/new.bancamea.md\/index.php?rest_route=%2Fwp%2Fv2%2Fmedia&parent=19416"}],"wp:term":[{"taxonomy":"category","embeddable":true,"href":"https:\/\/new.bancamea.md\/index.php?rest_route=%2Fwp%2Fv2%2Fcategories&post=19416"},{"taxonomy":"post_tag","embeddable":true,"href":"https:\/\/new.bancamea.md\/index.php?rest_route=%2Fwp%2Fv2%2Ftags&post=19416"}],"curies":[{"name":"wp","href":"https:\/\/api.w.org\/{rel}","templated":true}]}}