{"id":19735,"date":"2014-01-08T00:00:00","date_gmt":"2014-01-07T22:00:00","guid":{"rendered":"https:\/\/new.bancamea.md\/?p=19735"},"modified":"2026-08-31T21:55:54","modified_gmt":"2026-08-31T18:55:54","slug":"o-noua-adunare-generala-extraordinara-la-victoriabank-urmeaza-sa-fie-schimbata-conducerea-bancii","status":"publish","type":"post","link":"https:\/\/new.bancamea.md\/?p=19735","title":{"rendered":"O noua Adunare Generala extraordinara la Victoriabank &#8211; urmeaza sa fie schimbata conducerea bancii"},"content":{"rendered":"\n<p><strong>Victoriabank convoaca Adunarea Generala extraordinara a actionarilor \u00een data de 06 februarie 2014<\/strong>, anunta un comunicat plasat pe <a href=\"http:\/\/www.victoriabank.md\/ro\/news\/?id=16293670\" target=\"_blank\">site-ul bancii<\/a>.<\/p>\n<p>Adunarea Generala va fi cu prezenta actionarilor si va avea loc \u00een incinta sediului central al bancii \u2013 Chisinau, str. 31 august 1989, nr. 141.<\/p>\n<p><strong>Ordinea de zi<\/strong> al Adunarii Generale a actionarilor cuprinde 4 puncte:<\/p>\n<p>1. \u00cencetarea \u00eenainte de termen a \u00eemputernicirilor membrilor Consiliului de Administratie;<\/p>\n<p>2. Alegerea unei noi componente a Consiliului de Administratie;<\/p>\n<p>3. \u00cencetarea \u00eenainte de termen a \u00eemputernicirilor Presedintelui Comitetului de Directie a bancii;<\/p>\n<p>4. Alegerea Presedintelui Comitetului de Directie a bancii.<\/p>\n<p>Amintim ca <a href=\"\/news\/victoribank-si-a-ales-componenta-consiliului-de-adminsitratie-3-membri-din-6-au-fost-realesi\" target=\"_self\">membrii actualului Consiliu de Administratie au fost alesi recent<\/a>, pe 15 noiembrie 2013, \u00een cadrul Adunarii Generale extraordinare a actionarilor. Acestia sunt Victor Turcan, Anatolie Triteac, Alena Timofeenco, Valentin Bodiul, Nicolae Ciobanu si Victor Spoiala. Mandatul acestora urma sa expire peste 4 ani.<\/p>\n<p>Actualul Presedinte al Comitetului de Directie este dna Natalia Politov-Cangas.<\/p>\n<p><a href=\"http:\/\/adevarul.ro\/moldova\/economie\/razboi-actionarii-victoriabank-presedintele-bancii-putea-demis-termen-1_52c6776bc7b855ff562dca79\/index.html\" target=\"_blank\">Ziarul Adevarul scrie despre un eventual conflict<\/a> \u00eentre actionarii bancii \u00een urma caruia va fi schimbata conducerea institutiei.<\/p>\n","protected":false},"excerpt":{"rendered":"<p>Victoriabank convoaca Adunarea Generala extraordinara a actionarilor \u00een data de 06 februarie&#8230;<\/p>\n","protected":false},"author":1,"featured_media":4856,"comment_status":"closed","ping_status":"closed","sticky":false,"template":"","format":"standard","meta":{"footnotes":""},"categories":[16],"tags":[],"class_list":["post-19735","post","type-post","status-publish","format-standard","has-post-thumbnail","hentry","category-noutatile-bancilor"],"_links":{"self":[{"href":"https:\/\/new.bancamea.md\/index.php?rest_route=\/wp\/v2\/posts\/19735","targetHints":{"allow":["GET"]}}],"collection":[{"href":"https:\/\/new.bancamea.md\/index.php?rest_route=\/wp\/v2\/posts"}],"about":[{"href":"https:\/\/new.bancamea.md\/index.php?rest_route=\/wp\/v2\/types\/post"}],"author":[{"embeddable":true,"href":"https:\/\/new.bancamea.md\/index.php?rest_route=\/wp\/v2\/users\/1"}],"replies":[{"embeddable":true,"href":"https:\/\/new.bancamea.md\/index.php?rest_route=%2Fwp%2Fv2%2Fcomments&post=19735"}],"version-history":[{"count":1,"href":"https:\/\/new.bancamea.md\/index.php?rest_route=\/wp\/v2\/posts\/19735\/revisions"}],"predecessor-version":[{"id":28644,"href":"https:\/\/new.bancamea.md\/index.php?rest_route=\/wp\/v2\/posts\/19735\/revisions\/28644"}],"wp:featuredmedia":[{"embeddable":true,"href":"https:\/\/new.bancamea.md\/index.php?rest_route=\/wp\/v2\/media\/4856"}],"wp:attachment":[{"href":"https:\/\/new.bancamea.md\/index.php?rest_route=%2Fwp%2Fv2%2Fmedia&parent=19735"}],"wp:term":[{"taxonomy":"category","embeddable":true,"href":"https:\/\/new.bancamea.md\/index.php?rest_route=%2Fwp%2Fv2%2Fcategories&post=19735"},{"taxonomy":"post_tag","embeddable":true,"href":"https:\/\/new.bancamea.md\/index.php?rest_route=%2Fwp%2Fv2%2Ftags&post=19735"}],"curies":[{"name":"wp","href":"https:\/\/api.w.org\/{rel}","templated":true}]}}